{"id":7472,"date":"2022-09-30T13:51:00","date_gmt":"2022-09-30T17:51:00","guid":{"rendered":"https:\/\/www.convention.qc.ca\/general-en-2\/developpement-durable-au-coeur-congres-mondial-ovpm\/"},"modified":"2023-05-29T14:28:42","modified_gmt":"2023-05-29T18:28:42","slug":"sustainable-development-heart-of-owhc-world-congress","status":"publish","type":"post","link":"https:\/\/www.convention.qc.ca\/en\/sustainability\/sustainable-development-heart-of-owhc-world-congress\/","title":{"rendered":"Sustainable Development at the Heart of the OWHC World Congress"},"content":{"rendered":"<div  class=\"item wysiwyg component-paragraph component-no-padding \" ><div class=\"container\">\n<p>From September 6 to 9, 2022, the Qu\u00e9bec City Convention Centre hosted the 16<sup>th<\/sup>&nbsp;World Congress of the Organization of World Heritage Cities (OWHC), organized by City of Qu\u00e9bec. Nearly 200 mayors, municipal officials, heritage site managers and experts from around the world gathered for the occasion. Under the theme \u201d Enhancing Livability in World Heritage Cities,\u201d they discussed many hot topics, such as sustainable development, mobility, ecological transition and climate change, with the aim of finding ways to ensure the long-term viability of urban heritage.<\/p>\n<\/div><\/div>\n\n<div  class=\"item wysiwyg component-paragraph component-no-padding \" ><div class=\"container\">\n<p>With such important themes, the City was eager to set up one of its first eco-friendly events. By choosing the green facilities of the Qu\u00e9bec City Convention Centre and the support of its qualified team, the City was already taking a big step toward reducing the environmental footprint of this event\u2014even before it began to organize the congress.<\/p>\n<\/div><\/div>\n\n<div class=\"wp-block-image\"><div  class=\"item wysiwyg component-image\"><div class=\"container\" >\n<figure class=\"aligncenter size-full\"><img loading=\"lazy\" decoding=\"async\" width=\"1024\" height=\"731\" src=\"https:\/\/www.convention.qc.ca\/wp-content\/uploads\/4_OVPM_credit_courtoisie_ville_de_quebec-1024x731-1.jpg\" alt=\"\" class=\"wp-image-7455\" srcset=\"https:\/\/www.convention.qc.ca\/wp-content\/uploads\/4_OVPM_credit_courtoisie_ville_de_quebec-1024x731-1.jpg 1024w, https:\/\/www.convention.qc.ca\/wp-content\/uploads\/4_OVPM_credit_courtoisie_ville_de_quebec-1024x731-1-700x500.jpg 700w, https:\/\/www.convention.qc.ca\/wp-content\/uploads\/4_OVPM_credit_courtoisie_ville_de_quebec-1024x731-1-768x548.jpg 768w, https:\/\/www.convention.qc.ca\/wp-content\/uploads\/4_OVPM_credit_courtoisie_ville_de_quebec-1024x731-1-400x286.jpg 400w\" sizes=\"auto, (max-width: 1024px) 100vw, 1024px\" \/><figcaption class=\"wp-element-caption\">Photo: Ville de Qu\u00e9bec<\/figcaption><\/figure>\n<\/div><\/div><\/div>\n\n<div  class=\"item wysiwyg component-media-text\"><div class=\"container\" >\n<div class=\"wp-block-media-text alignwide is-stacked-on-mobile\"><figure class=\"wp-block-media-text__media\"><img loading=\"lazy\" decoding=\"async\" width=\"1024\" height=\"682\" src=\"https:\/\/www.convention.qc.ca\/wp-content\/uploads\/FQM-2017-ilot-multimatiere-LR-1024x682-1.jpg\" alt=\"\" class=\"wp-image-7457 size-full\" srcset=\"https:\/\/www.convention.qc.ca\/wp-content\/uploads\/FQM-2017-ilot-multimatiere-LR-1024x682-1.jpg 1024w, https:\/\/www.convention.qc.ca\/wp-content\/uploads\/FQM-2017-ilot-multimatiere-LR-1024x682-1-700x466.jpg 700w, https:\/\/www.convention.qc.ca\/wp-content\/uploads\/FQM-2017-ilot-multimatiere-LR-1024x682-1-768x512.jpg 768w, https:\/\/www.convention.qc.ca\/wp-content\/uploads\/FQM-2017-ilot-multimatiere-LR-1024x682-1-400x266.jpg 400w\" sizes=\"auto, (max-width: 1024px) 100vw, 1024px\" \/><\/figure><div class=\"wp-block-media-text__content\"><div  class=\"item wysiwyg component-heading component-no-padding \" ><div class=\"container\">\n<h2 class=\"wp-block-heading\">Tangible actions to reduce the event\u2019s environmental impact<\/h2>\n<\/div><\/div>\n\n<div  class=\"item wysiwyg component-paragraph component-no-padding \" ><div class=\"container\">\n<p>For this prestigious conference, the Qu\u00e9bec City Convention Centre\u2019s Director of Customer Experience, Caroline B\u00e9rub\u00e9, acted as PCO (<em>professional conference organizer<\/em>). She used her expertise to support the preparation of the event, including the coordination of transportation for participants, food and beverage arrangements and, of course, the environmental stewardship of the entire congress.<\/p>\n<\/div><\/div>\n\n<div  class=\"item wysiwyg component-paragraph component-no-padding \" ><div class=\"container\">\n<p>Classified by the R\u00e9seau des femmes en environnement and its Conseil qu\u00e9b\u00e9cois des \u00e9v\u00e9nements \u00e9coresponsables, the OWHC conference reached Level 3 of the Bureau de normalisation du Qu\u00e9bec standard (<a href=\"https:\/\/www.bnq.qc.ca\/fr\/normalisation\/developpement-durable\/gestion-responsable-d-evenements.html\" target=\"_blank\" rel=\"noreferrer noopener\">BNQ 9700-253 Gestion responsable d\u2019\u00e9v\u00e9nements<\/a>). The BNQ\u2019s classification process uses a point system based on 56 performance criteria, grouped into five different categories.<\/p>\n<\/div><\/div><\/div><\/div>\n<\/div><\/div>\n\n<div  class=\"item wysiwyg component-paragraph component-no-padding \" ><div class=\"container\">\n<p>To achieve this excellent result, the City of Qu\u00e9bec and Qu\u00e9bec City Convention Centre teams have implemented several concrete actions, including:<\/p>\n<\/div><\/div>\n\n<div  class=\"item wysiwyg component-list component-no-padding \" ><div class=\"container\">\n<ul class=\"wp-block-list\">\n<li>Consulting services were carried out with a sustainability expert from the R\u00e9seau des femmes en environnement for the eco-friendly management and classification of the conference.<\/li>\n\n\n\n<li>Recovery and reclamation of&nbsp;<a href=\"https:\/\/www.convention.qc.ca\/en\/plan-visit\/sustainability-best-practices-visitors\/\">residual materials<\/a>.<\/li>\n\n\n\n<li>Use of&nbsp;<a href=\"https:\/\/www.convention.qc.ca\/en\/news\/16-new-fountains-reduce-single-use-plastic\/\">water fountains<\/a>&nbsp;and refill stations, rather than single-use plastic bottles.<\/li>\n\n\n\n<li><a href=\"https:\/\/www.convention.qc.ca\/en\/news\/energy-efficiency-quebec-city-convention-centre\/\">Smart<\/a>&nbsp;energy, water and air&nbsp;<a href=\"https:\/\/www.convention.qc.ca\/en\/news\/energy-efficiency-quebec-city-convention-centre\/\">management<\/a>&nbsp;with the Honeywell EBI operational control system at the Convention Centre.<\/li>\n\n\n\n<li>Limited distribution of paper programs.<\/li>\n\n\n\n<li>Offsetting of GHG emissions associated with the travel of delegates and members of the organization. A total of $1,000 was donated by the City of Qu\u00e9bec for Universit\u00e9 Laval\u2019s carbon offset projects aimed at reforesting areas in the Montmorency Forest.<\/li>\n\n\n\n<li>Choice of menus highlighting local foods and Qu\u00e9bec producers. Capital HRS, the Convention Centre\u2019s exclusive F&amp;B partner was also the official partner for the event, in addition to F&amp;B services from the Fairmont Le Ch\u00e2teau Frontenac Traiteur and The Capitole Hotel for activities outside the Centre.<\/li>\n\n\n\n<li>Donation of 33 kg of food to the Lauberivi\u00e8re, a refuge for homeless people, at the end of the event to avoid food waste.<\/li>\n<\/ul>\n<\/div><\/div>\n\n<div  class=\"item wysiwyg component-paragraph component-no-padding \" ><div class=\"container\">\n<p>The naturally strategic location of the Convention Centre in downtown Qu\u00e9bec City allowed the majority of participants to walk to their hotels, restaurants and most of the event\u2019s activity sites, such as Le Diamant, the Voltigeurs de Qu\u00e9bec Armoury, Mus\u00e9e national des beaux-arts du Qu\u00e9bec, Monast\u00e8re des Augustines, and the guided tour of the fortifications.<\/p>\n<\/div><\/div>\n\n\n<div  class=\"item component-cta-banner \">\n    <section class=\"block-cta-banner   block-cta-banner--with-picture block-cta-banner--is-light\">\n        <div class=\"container\">\n            <div class=\"row\">\n                <div class=\"col-xs-12\">\n                    <div class=\"block-cta-banner__container\">\n                        <div class=\"block-cta-banner__content\">\n                                                        \n                                                            <div class=\"block-cta-banner__text\">\n                                    <p>Particular attention was also paid to the minimalist decor of the conference rooms and banquets in order to select items that could be recycled and recovered at the end of the conference, rather than thrown away. In all, everything was done to ensure that participants would have a pleasant and memorable experience, with the least possible impact on the environment.<\/p>\n<p>Through a satisfaction survey, participants will be able to evaluate their appreciation of the eco-friendly measures implemented during the OWHC Congress. As a part of its continuous improvement processes, the Convention Centre will be able to draw inspiration from the responses obtained to perfect its practices and perhaps even implement new initiatives.<\/p>\n<p>Organizing an eco-friendly event requires strategic thinking at every step. At the Qu\u00e9bec City Convention Centre, it is easy to organize events and business meetings with a minimal environmental footprint<\/p>\n                                <\/div>\n                            \n                                                    <\/div>\n                    <\/div>\n                    \n                                            <div class=\"block-cta-banner__picture\">\n                            <img loading=\"lazy\" decoding=\"async\" width=\"1024\" height=\"683\" src=\"https:\/\/www.convention.qc.ca\/wp-content\/uploads\/15_OVPM_credit_courtoisie_ville_de_quebec-1024x683-1.jpg\" class=\"attachment-full size-full\" alt=\"\" srcset=\"https:\/\/www.convention.qc.ca\/wp-content\/uploads\/15_OVPM_credit_courtoisie_ville_de_quebec-1024x683-1.jpg 1024w, https:\/\/www.convention.qc.ca\/wp-content\/uploads\/15_OVPM_credit_courtoisie_ville_de_quebec-1024x683-1-700x467.jpg 700w, https:\/\/www.convention.qc.ca\/wp-content\/uploads\/15_OVPM_credit_courtoisie_ville_de_quebec-1024x683-1-768x512.jpg 768w, https:\/\/www.convention.qc.ca\/wp-content\/uploads\/15_OVPM_credit_courtoisie_ville_de_quebec-1024x683-1-400x267.jpg 400w\" sizes=\"auto, (max-width: 1024px) 100vw, 1024px\" \/>                        <\/div>\n                                    <\/div>\n            <\/div>\n        <\/div>\n    <\/section>\n<\/div>\n\n\n<div  class=\"item component-cta-banner \">\n    <section class=\"block-cta-banner js-a11y-block-link  block-cta-banner--is-common block-cta-banner--is-dark\">\n        <div class=\"container\">\n            <div class=\"row\">\n                <div class=\"col-xs-12\">\n                    <div class=\"block-cta-banner__container\">\n                        <div class=\"block-cta-banner__content\">\n                                                        \n                                                            <div class=\"block-cta-banner__text\">\n                                    <p>Do you want to organize a green event? By choosing the Qu\u00e9bec City Convention Centre and its qualified team, you will enrich your participants\u2019 experience in the heart of a green building where sustainable development is a top priority.<\/p>\n                                <\/div>\n                            \n                                                            <a\n                                  class=\"block-cta-banner__link js-call-to-action-link\"\n                                  href=\"https:\/\/www.convention.qc.ca\/en\/sustainability\/\"\n                                  target=\"\"\n                                  data-a11y-link\n                                  data-name=\"\"\n                                  data-label=\"Start planning your eco-friendly event\"\n                                >\n                                    <span>Start planning your eco-friendly event<\/span>\n                                    <svg width=\"14px\" height=\"15px\" aria-hidden=\"true\" focusable=\"false\"><use xlink:href=\"#ico-arrow-right\"><\/use><\/svg>\n                                <\/a>\n                                                    <\/div>\n                    <\/div>\n                    \n                                    <\/div>\n            <\/div>\n        <\/div>\n    <\/section>\n<\/div>","protected":false},"excerpt":{"rendered":"From September 6 to 9, 2022, the Qu\u00e9bec City Convention Centre hosted the 16th\u00a0World Congress of the Organization of World Heritage Cities (OWHC), organized by City of Qu\u00e9bec. ","protected":false},"author":5,"featured_media":7456,"comment_status":"closed","ping_status":"closed","sticky":false,"template":"","format":"standard","meta":{"_acf_changed":false,"footnotes":""},"categories":[478,477],"tags":[],"class_list":["post-7472","post","type-post","status-publish","format-standard","has-post-thumbnail","hentry","category-case-studies","category-sustainability"],"acf":[],"yoast_head":"<!-- This site is optimized with the Yoast SEO plugin v26.7 - https:\/\/yoast.com\/wordpress\/plugins\/seo\/ -->\n<title>Sustainable Development at the Heart of the OWHC World Congress | Qu\u00e9bec City Convention Centre<\/title>\n<meta name=\"description\" content=\"From September 6 to 9, 2022, the Qu\u00e9bec City Convention Centre hosted the 16th\u00a0World Congress of the Organization of World Heritage Cities (OWHC), organized by City of Qu\u00e9bec.\" \/>\n<meta name=\"robots\" content=\"index, follow, max-snippet:-1, max-image-preview:large, max-video-preview:-1\" \/>\n<link rel=\"canonical\" href=\"https:\/\/www.convention.qc.ca\/en\/sustainability\/sustainable-development-heart-of-owhc-world-congress\/\" \/>\n<meta property=\"og:locale\" content=\"en_US\" \/>\n<meta property=\"og:type\" content=\"article\" \/>\n<meta property=\"og:title\" content=\"Sustainable Development at the Heart of the OWHC World Congress | Qu\u00e9bec City Convention Centre\" \/>\n<meta property=\"og:description\" content=\"From September 6 to 9, 2022, the Qu\u00e9bec City Convention Centre hosted the 16th\u00a0World Congress of the Organization of World Heritage Cities (OWHC), organized by City of Qu\u00e9bec.\" \/>\n<meta property=\"og:url\" content=\"https:\/\/www.convention.qc.ca\/en\/sustainability\/sustainable-development-heart-of-owhc-world-congress\/\" \/>\n<meta property=\"og:site_name\" content=\"Qu\u00e9bec City Convention Centre\" \/>\n<meta property=\"article:publisher\" content=\"https:\/\/www.facebook.com\/congresquebec\/\" \/>\n<meta property=\"article:published_time\" content=\"2022-09-30T17:51:00+00:00\" \/>\n<meta property=\"article:modified_time\" content=\"2023-05-29T18:28:42+00:00\" \/>\n<meta property=\"og:image\" content=\"https:\/\/www.convention.qc.ca\/wp-content\/uploads\/4_OVPM_credit_courtoisie_ville_de_quebec-1024x731-1.jpg\" \/>\n\t<meta property=\"og:image:width\" content=\"1024\" \/>\n\t<meta property=\"og:image:height\" content=\"731\" \/>\n\t<meta property=\"og:image:type\" content=\"image\/jpeg\" \/>\n<meta name=\"author\" content=\"gbernier\" \/>\n<meta name=\"twitter:card\" content=\"summary_large_image\" \/>\n<meta name=\"twitter:creator\" content=\"@quebeccongres\" \/>\n<meta name=\"twitter:site\" content=\"@quebeccongres\" \/>\n<meta name=\"twitter:label1\" content=\"Written by\" \/>\n\t<meta name=\"twitter:data1\" content=\"gbernier\" \/>\n\t<meta name=\"twitter:label2\" content=\"Est. reading time\" \/>\n\t<meta name=\"twitter:data2\" content=\"4 minutes\" \/>\n<script type=\"application\/ld+json\" class=\"yoast-schema-graph\">{\"@context\":\"https:\/\/schema.org\",\"@graph\":[{\"@type\":\"Article\",\"@id\":\"https:\/\/www.convention.qc.ca\/en\/sustainability\/sustainable-development-heart-of-owhc-world-congress\/#article\",\"isPartOf\":{\"@id\":\"https:\/\/www.convention.qc.ca\/en\/sustainability\/sustainable-development-heart-of-owhc-world-congress\/\"},\"author\":{\"name\":\"gbernier\",\"@id\":\"https:\/\/www.convention.qc.ca\/en\/#\/schema\/person\/cbe075e9bef93d9c6528eefa7136bc20\"},\"headline\":\"Sustainable Development at the Heart of the OWHC World Congress\",\"datePublished\":\"2022-09-30T17:51:00+00:00\",\"dateModified\":\"2023-05-29T18:28:42+00:00\",\"mainEntityOfPage\":{\"@id\":\"https:\/\/www.convention.qc.ca\/en\/sustainability\/sustainable-development-heart-of-owhc-world-congress\/\"},\"wordCount\":556,\"publisher\":{\"@id\":\"https:\/\/www.convention.qc.ca\/en\/#organization\"},\"image\":{\"@id\":\"https:\/\/www.convention.qc.ca\/en\/sustainability\/sustainable-development-heart-of-owhc-world-congress\/#primaryimage\"},\"thumbnailUrl\":\"https:\/\/www.convention.qc.ca\/wp-content\/uploads\/4_OVPM_credit_courtoisie_ville_de_quebec-1024x731-1.jpg\",\"articleSection\":[\"Case Studies\",\"Sustainability\"],\"inLanguage\":\"en-US\"},{\"@type\":\"WebPage\",\"@id\":\"https:\/\/www.convention.qc.ca\/en\/sustainability\/sustainable-development-heart-of-owhc-world-congress\/\",\"url\":\"https:\/\/www.convention.qc.ca\/en\/sustainability\/sustainable-development-heart-of-owhc-world-congress\/\",\"name\":\"Sustainable Development at the Heart of the OWHC World Congress | Qu\u00e9bec City Convention Centre\",\"isPartOf\":{\"@id\":\"https:\/\/www.convention.qc.ca\/en\/#website\"},\"primaryImageOfPage\":{\"@id\":\"https:\/\/www.convention.qc.ca\/en\/sustainability\/sustainable-development-heart-of-owhc-world-congress\/#primaryimage\"},\"image\":{\"@id\":\"https:\/\/www.convention.qc.ca\/en\/sustainability\/sustainable-development-heart-of-owhc-world-congress\/#primaryimage\"},\"thumbnailUrl\":\"https:\/\/www.convention.qc.ca\/wp-content\/uploads\/4_OVPM_credit_courtoisie_ville_de_quebec-1024x731-1.jpg\",\"datePublished\":\"2022-09-30T17:51:00+00:00\",\"dateModified\":\"2023-05-29T18:28:42+00:00\",\"description\":\"From September 6 to 9, 2022, the Qu\u00e9bec City Convention Centre hosted the 16th\u00a0World Congress of the Organization of World Heritage Cities (OWHC), organized by City of Qu\u00e9bec.\",\"breadcrumb\":{\"@id\":\"https:\/\/www.convention.qc.ca\/en\/sustainability\/sustainable-development-heart-of-owhc-world-congress\/#breadcrumb\"},\"inLanguage\":\"en-US\",\"potentialAction\":[{\"@type\":\"ReadAction\",\"target\":[\"https:\/\/www.convention.qc.ca\/en\/sustainability\/sustainable-development-heart-of-owhc-world-congress\/\"]}]},{\"@type\":\"ImageObject\",\"inLanguage\":\"en-US\",\"@id\":\"https:\/\/www.convention.qc.ca\/en\/sustainability\/sustainable-development-heart-of-owhc-world-congress\/#primaryimage\",\"url\":\"https:\/\/www.convention.qc.ca\/wp-content\/uploads\/4_OVPM_credit_courtoisie_ville_de_quebec-1024x731-1.jpg\",\"contentUrl\":\"https:\/\/www.convention.qc.ca\/wp-content\/uploads\/4_OVPM_credit_courtoisie_ville_de_quebec-1024x731-1.jpg\",\"width\":1024,\"height\":731},{\"@type\":\"BreadcrumbList\",\"@id\":\"https:\/\/www.convention.qc.ca\/en\/sustainability\/sustainable-development-heart-of-owhc-world-congress\/#breadcrumb\",\"itemListElement\":[{\"@type\":\"ListItem\",\"position\":1,\"name\":\"Accueil\",\"item\":\"https:\/\/www.convention.qc.ca\/en\/\"},{\"@type\":\"ListItem\",\"position\":2,\"name\":\"Sustainable Development at the Heart of the OWHC World Congress\"}]},{\"@type\":\"WebSite\",\"@id\":\"https:\/\/www.convention.qc.ca\/en\/#website\",\"url\":\"https:\/\/www.convention.qc.ca\/en\/\",\"name\":\"Centre des congr\u00e8s de Qu\u00e9bec\",\"description\":\"Convention and exhibition center in Quebec City\",\"publisher\":{\"@id\":\"https:\/\/www.convention.qc.ca\/en\/#organization\"},\"potentialAction\":[{\"@type\":\"SearchAction\",\"target\":{\"@type\":\"EntryPoint\",\"urlTemplate\":\"https:\/\/www.convention.qc.ca\/en\/?s={search_term_string}\"},\"query-input\":{\"@type\":\"PropertyValueSpecification\",\"valueRequired\":true,\"valueName\":\"search_term_string\"}}],\"inLanguage\":\"en-US\"},{\"@type\":\"Organization\",\"@id\":\"https:\/\/www.convention.qc.ca\/en\/#organization\",\"name\":\"Centre des congr\u00e8s de Qu\u00e9bec\",\"url\":\"https:\/\/www.convention.qc.ca\/en\/\",\"logo\":{\"@type\":\"ImageObject\",\"inLanguage\":\"en-US\",\"@id\":\"https:\/\/www.convention.qc.ca\/en\/#\/schema\/logo\/image\/\",\"url\":\"https:\/\/www.convention.qc.ca\/wp-content\/uploads\/poster.png\",\"contentUrl\":\"https:\/\/www.convention.qc.ca\/wp-content\/uploads\/poster.png\",\"width\":1200,\"height\":630,\"caption\":\"Centre des congr\u00e8s de Qu\u00e9bec\"},\"image\":{\"@id\":\"https:\/\/www.convention.qc.ca\/en\/#\/schema\/logo\/image\/\"},\"sameAs\":[\"https:\/\/www.facebook.com\/congresquebec\/\",\"https:\/\/x.com\/quebeccongres\",\"https:\/\/www.instagram.com\/quebeccongres\/\",\"https:\/\/www.linkedin.com\/company\/congresquebec\"]},{\"@type\":\"Person\",\"@id\":\"https:\/\/www.convention.qc.ca\/en\/#\/schema\/person\/cbe075e9bef93d9c6528eefa7136bc20\",\"name\":\"gbernier\",\"image\":{\"@type\":\"ImageObject\",\"inLanguage\":\"en-US\",\"@id\":\"https:\/\/www.convention.qc.ca\/en\/#\/schema\/person\/image\/\",\"url\":\"https:\/\/secure.gravatar.com\/avatar\/61a8366cbfcdd85aac09c1a4c5259fa6ff2d072c323f1d12fdc0c1c68563e1a0?s=96&d=mm&r=g\",\"contentUrl\":\"https:\/\/secure.gravatar.com\/avatar\/61a8366cbfcdd85aac09c1a4c5259fa6ff2d072c323f1d12fdc0c1c68563e1a0?s=96&d=mm&r=g\",\"caption\":\"gbernier\"},\"url\":\"https:\/\/www.convention.qc.ca\/en\/author\/gbernier\/\"}]}<\/script>\n<!-- \/ Yoast SEO plugin. -->","yoast_head_json":{"title":"Sustainable Development at the Heart of the OWHC World Congress | Qu\u00e9bec City Convention Centre","description":"From September 6 to 9, 2022, the Qu\u00e9bec City Convention Centre hosted the 16th\u00a0World Congress of the Organization of World Heritage Cities (OWHC), organized by City of Qu\u00e9bec.","robots":{"index":"index","follow":"follow","max-snippet":"max-snippet:-1","max-image-preview":"max-image-preview:large","max-video-preview":"max-video-preview:-1"},"canonical":"https:\/\/www.convention.qc.ca\/en\/sustainability\/sustainable-development-heart-of-owhc-world-congress\/","og_locale":"en_US","og_type":"article","og_title":"Sustainable Development at the Heart of the OWHC World Congress | Qu\u00e9bec City Convention Centre","og_description":"From September 6 to 9, 2022, the Qu\u00e9bec City Convention Centre hosted the 16th\u00a0World Congress of the Organization of World Heritage Cities (OWHC), organized by City of Qu\u00e9bec.","og_url":"https:\/\/www.convention.qc.ca\/en\/sustainability\/sustainable-development-heart-of-owhc-world-congress\/","og_site_name":"Qu\u00e9bec City Convention Centre","article_publisher":"https:\/\/www.facebook.com\/congresquebec\/","article_published_time":"2022-09-30T17:51:00+00:00","article_modified_time":"2023-05-29T18:28:42+00:00","og_image":[{"width":1024,"height":731,"url":"https:\/\/www.convention.qc.ca\/wp-content\/uploads\/4_OVPM_credit_courtoisie_ville_de_quebec-1024x731-1.jpg","type":"image\/jpeg"}],"author":"gbernier","twitter_card":"summary_large_image","twitter_creator":"@quebeccongres","twitter_site":"@quebeccongres","twitter_misc":{"Written by":"gbernier","Est. reading time":"4 minutes"},"schema":{"@context":"https:\/\/schema.org","@graph":[{"@type":"Article","@id":"https:\/\/www.convention.qc.ca\/en\/sustainability\/sustainable-development-heart-of-owhc-world-congress\/#article","isPartOf":{"@id":"https:\/\/www.convention.qc.ca\/en\/sustainability\/sustainable-development-heart-of-owhc-world-congress\/"},"author":{"name":"gbernier","@id":"https:\/\/www.convention.qc.ca\/en\/#\/schema\/person\/cbe075e9bef93d9c6528eefa7136bc20"},"headline":"Sustainable Development at the Heart of the OWHC World Congress","datePublished":"2022-09-30T17:51:00+00:00","dateModified":"2023-05-29T18:28:42+00:00","mainEntityOfPage":{"@id":"https:\/\/www.convention.qc.ca\/en\/sustainability\/sustainable-development-heart-of-owhc-world-congress\/"},"wordCount":556,"publisher":{"@id":"https:\/\/www.convention.qc.ca\/en\/#organization"},"image":{"@id":"https:\/\/www.convention.qc.ca\/en\/sustainability\/sustainable-development-heart-of-owhc-world-congress\/#primaryimage"},"thumbnailUrl":"https:\/\/www.convention.qc.ca\/wp-content\/uploads\/4_OVPM_credit_courtoisie_ville_de_quebec-1024x731-1.jpg","articleSection":["Case Studies","Sustainability"],"inLanguage":"en-US"},{"@type":"WebPage","@id":"https:\/\/www.convention.qc.ca\/en\/sustainability\/sustainable-development-heart-of-owhc-world-congress\/","url":"https:\/\/www.convention.qc.ca\/en\/sustainability\/sustainable-development-heart-of-owhc-world-congress\/","name":"Sustainable Development at the Heart of the OWHC World Congress | Qu\u00e9bec City Convention Centre","isPartOf":{"@id":"https:\/\/www.convention.qc.ca\/en\/#website"},"primaryImageOfPage":{"@id":"https:\/\/www.convention.qc.ca\/en\/sustainability\/sustainable-development-heart-of-owhc-world-congress\/#primaryimage"},"image":{"@id":"https:\/\/www.convention.qc.ca\/en\/sustainability\/sustainable-development-heart-of-owhc-world-congress\/#primaryimage"},"thumbnailUrl":"https:\/\/www.convention.qc.ca\/wp-content\/uploads\/4_OVPM_credit_courtoisie_ville_de_quebec-1024x731-1.jpg","datePublished":"2022-09-30T17:51:00+00:00","dateModified":"2023-05-29T18:28:42+00:00","description":"From September 6 to 9, 2022, the Qu\u00e9bec City Convention Centre hosted the 16th\u00a0World Congress of the Organization of World Heritage Cities (OWHC), organized by City of Qu\u00e9bec.","breadcrumb":{"@id":"https:\/\/www.convention.qc.ca\/en\/sustainability\/sustainable-development-heart-of-owhc-world-congress\/#breadcrumb"},"inLanguage":"en-US","potentialAction":[{"@type":"ReadAction","target":["https:\/\/www.convention.qc.ca\/en\/sustainability\/sustainable-development-heart-of-owhc-world-congress\/"]}]},{"@type":"ImageObject","inLanguage":"en-US","@id":"https:\/\/www.convention.qc.ca\/en\/sustainability\/sustainable-development-heart-of-owhc-world-congress\/#primaryimage","url":"https:\/\/www.convention.qc.ca\/wp-content\/uploads\/4_OVPM_credit_courtoisie_ville_de_quebec-1024x731-1.jpg","contentUrl":"https:\/\/www.convention.qc.ca\/wp-content\/uploads\/4_OVPM_credit_courtoisie_ville_de_quebec-1024x731-1.jpg","width":1024,"height":731},{"@type":"BreadcrumbList","@id":"https:\/\/www.convention.qc.ca\/en\/sustainability\/sustainable-development-heart-of-owhc-world-congress\/#breadcrumb","itemListElement":[{"@type":"ListItem","position":1,"name":"Accueil","item":"https:\/\/www.convention.qc.ca\/en\/"},{"@type":"ListItem","position":2,"name":"Sustainable Development at the Heart of the OWHC World Congress"}]},{"@type":"WebSite","@id":"https:\/\/www.convention.qc.ca\/en\/#website","url":"https:\/\/www.convention.qc.ca\/en\/","name":"Centre des congr\u00e8s de Qu\u00e9bec","description":"Convention and exhibition center in Quebec City","publisher":{"@id":"https:\/\/www.convention.qc.ca\/en\/#organization"},"potentialAction":[{"@type":"SearchAction","target":{"@type":"EntryPoint","urlTemplate":"https:\/\/www.convention.qc.ca\/en\/?s={search_term_string}"},"query-input":{"@type":"PropertyValueSpecification","valueRequired":true,"valueName":"search_term_string"}}],"inLanguage":"en-US"},{"@type":"Organization","@id":"https:\/\/www.convention.qc.ca\/en\/#organization","name":"Centre des congr\u00e8s de Qu\u00e9bec","url":"https:\/\/www.convention.qc.ca\/en\/","logo":{"@type":"ImageObject","inLanguage":"en-US","@id":"https:\/\/www.convention.qc.ca\/en\/#\/schema\/logo\/image\/","url":"https:\/\/www.convention.qc.ca\/wp-content\/uploads\/poster.png","contentUrl":"https:\/\/www.convention.qc.ca\/wp-content\/uploads\/poster.png","width":1200,"height":630,"caption":"Centre des congr\u00e8s de Qu\u00e9bec"},"image":{"@id":"https:\/\/www.convention.qc.ca\/en\/#\/schema\/logo\/image\/"},"sameAs":["https:\/\/www.facebook.com\/congresquebec\/","https:\/\/x.com\/quebeccongres","https:\/\/www.instagram.com\/quebeccongres\/","https:\/\/www.linkedin.com\/company\/congresquebec"]},{"@type":"Person","@id":"https:\/\/www.convention.qc.ca\/en\/#\/schema\/person\/cbe075e9bef93d9c6528eefa7136bc20","name":"gbernier","image":{"@type":"ImageObject","inLanguage":"en-US","@id":"https:\/\/www.convention.qc.ca\/en\/#\/schema\/person\/image\/","url":"https:\/\/secure.gravatar.com\/avatar\/61a8366cbfcdd85aac09c1a4c5259fa6ff2d072c323f1d12fdc0c1c68563e1a0?s=96&d=mm&r=g","contentUrl":"https:\/\/secure.gravatar.com\/avatar\/61a8366cbfcdd85aac09c1a4c5259fa6ff2d072c323f1d12fdc0c1c68563e1a0?s=96&d=mm&r=g","caption":"gbernier"},"url":"https:\/\/www.convention.qc.ca\/en\/author\/gbernier\/"}]}},"_links":{"self":[{"href":"https:\/\/www.convention.qc.ca\/en\/wp-json\/wp\/v2\/posts\/7472","targetHints":{"allow":["GET"]}}],"collection":[{"href":"https:\/\/www.convention.qc.ca\/en\/wp-json\/wp\/v2\/posts"}],"about":[{"href":"https:\/\/www.convention.qc.ca\/en\/wp-json\/wp\/v2\/types\/post"}],"author":[{"embeddable":true,"href":"https:\/\/www.convention.qc.ca\/en\/wp-json\/wp\/v2\/users\/5"}],"replies":[{"embeddable":true,"href":"https:\/\/www.convention.qc.ca\/en\/wp-json\/wp\/v2\/comments?post=7472"}],"version-history":[{"count":8,"href":"https:\/\/www.convention.qc.ca\/en\/wp-json\/wp\/v2\/posts\/7472\/revisions"}],"predecessor-version":[{"id":13067,"href":"https:\/\/www.convention.qc.ca\/en\/wp-json\/wp\/v2\/posts\/7472\/revisions\/13067"}],"wp:featuredmedia":[{"embeddable":true,"href":"https:\/\/www.convention.qc.ca\/en\/wp-json\/wp\/v2\/media\/7456"}],"wp:attachment":[{"href":"https:\/\/www.convention.qc.ca\/en\/wp-json\/wp\/v2\/media?parent=7472"}],"wp:term":[{"taxonomy":"category","embeddable":true,"href":"https:\/\/www.convention.qc.ca\/en\/wp-json\/wp\/v2\/categories?post=7472"},{"taxonomy":"post_tag","embeddable":true,"href":"https:\/\/www.convention.qc.ca\/en\/wp-json\/wp\/v2\/tags?post=7472"}],"curies":[{"name":"wp","href":"https:\/\/api.w.org\/{rel}","templated":true}]}}