{"id":12341,"date":"2023-04-13T13:29:29","date_gmt":"2023-04-13T17:29:29","guid":{"rendered":"https:\/\/www.convention.qc.ca\/general-en\/realiser-evenement-ecoresponsable-services-alimentaires\/"},"modified":"2025-11-04T11:10:31","modified_gmt":"2025-11-04T16:10:31","slug":"planning-eco-friendly-event-food-services","status":"publish","type":"post","link":"https:\/\/www.convention.qc.ca\/en\/sustainability\/planning-eco-friendly-event-food-services\/","title":{"rendered":"Planning an Eco-friendly Event: Food Services"},"content":{"rendered":"<div  class=\"item wysiwyg component-paragraph component-no-padding \" ><div class=\"container\">\n<p>Does your event include a food and beverage services, such as a banquet, coffee break or cocktail reception with appetizers? Choosing local products for your menus promotes the local economy, highlights agricultural know-how and reduces the impact of transportation. And that&#8217;s exactly what our exclusive food and beverage partner, Maestro Culinaire, advocates. From procurement to the table, this seasoned culinary brigade is looking for innovations to constantly refine its work methods, deploy eco-friendly practices in the kitchen, and help you deliver a green and tasty event!<\/p>\n<\/div><\/div>\n\n<div  class=\"item wysiwyg component-heading component-no-padding \" ><div class=\"container\">\n<h2 class=\"wp-block-heading\">How to Choose Eco-Friendly Event Food and Beverage?<\/h2>\n<\/div><\/div>\n\n<div  class=\"item wysiwyg component-paragraph component-no-padding \" ><div class=\"container\">\n<p>Adopt the principles of eco-friendly food services by favouring local products and avoiding over-packaging.<\/p>\n<\/div><\/div>\n\n\n<div  class=\"item component-cta-banner \">\n    <section class=\"block-cta-banner   block-cta-banner--is-common block-cta-banner--is-dark\">\n        <div class=\"container\">\n            <div class=\"row\">\n                <div class=\"col-xs-12\">\n                    <div class=\"block-cta-banner__container\">\n                        <div class=\"block-cta-banner__content\">\n                                                        \n                                                            <div class=\"block-cta-banner__text\">\n                                    <p>Did you know that, according to the Minist\u00e8re de l&#8217;Agriculture, des P\u00eacheries et de l&#8217;Alimentation, increasing the consumption of Qu\u00e9bec food products by only 1% over a 5-year period will create nearly 20,000 jobs?<\/p>\n                                <\/div>\n                            \n                                                    <\/div>\n                    <\/div>\n                    \n                                    <\/div>\n            <\/div>\n        <\/div>\n    <\/section>\n<\/div>\n\n<div  class=\"item wysiwyg component-columns\"><div class=\"container\" >\n<div class=\"wp-block-columns is-layout-flex wp-container-core-columns-is-layout-9d6595d7 wp-block-columns-is-layout-flex\">\n<div class=\"wp-block-column is-layout-flow wp-block-column-is-layout-flow\"><div  class=\"item wysiwyg component-image\"><div class=\"container\" >\n<figure class=\"wp-block-image size-large is-resized\"><img loading=\"lazy\" decoding=\"async\" width=\"1024\" height=\"683\" src=\"https:\/\/www.convention.qc.ca\/wp-content\/uploads\/chefs-toit-09-1024x683.jpg\" alt=\"\" class=\"wp-image-12336\" style=\"width:593px\" srcset=\"https:\/\/www.convention.qc.ca\/wp-content\/uploads\/chefs-toit-09-1024x683.jpg 1024w, https:\/\/www.convention.qc.ca\/wp-content\/uploads\/chefs-toit-09-700x467.jpg 700w, https:\/\/www.convention.qc.ca\/wp-content\/uploads\/chefs-toit-09-768x512.jpg 768w, https:\/\/www.convention.qc.ca\/wp-content\/uploads\/chefs-toit-09-1536x1024.jpg 1536w, https:\/\/www.convention.qc.ca\/wp-content\/uploads\/chefs-toit-09-2048x1365.jpg 2048w, https:\/\/www.convention.qc.ca\/wp-content\/uploads\/chefs-toit-09-400x267.jpg 400w\" sizes=\"auto, (max-width: 1024px) 100vw, 1024px\" \/><figcaption class=\"wp-element-caption\">Our chef in our small garden, on the roof of the convention centre<\/figcaption><\/figure>\n<\/div><\/div><\/div>\n\n\n\n<div class=\"wp-block-column is-layout-flow wp-block-column-is-layout-flow\"><div  class=\"item wysiwyg component-image\"><div class=\"container\" >\n<figure class=\"wp-block-image size-full\"><img loading=\"lazy\" decoding=\"async\" width=\"1024\" height=\"634\" src=\"https:\/\/www.convention.qc.ca\/wp-content\/uploads\/educ-tour-alimentaire-bouchees.jpg\" alt=\"Cuill\u00e8res en acier inoxydable contenant un bout de cheddar, du caviar, des perles sucr\u00e9es et une petite fleur comestible. En arri\u00e8re plan on y voit des coupes de vin blanc.\" class=\"wp-image-7965\" srcset=\"https:\/\/www.convention.qc.ca\/wp-content\/uploads\/educ-tour-alimentaire-bouchees.jpg 1024w, https:\/\/www.convention.qc.ca\/wp-content\/uploads\/educ-tour-alimentaire-bouchees-700x433.jpg 700w, https:\/\/www.convention.qc.ca\/wp-content\/uploads\/educ-tour-alimentaire-bouchees-768x476.jpg 768w, https:\/\/www.convention.qc.ca\/wp-content\/uploads\/educ-tour-alimentaire-bouchees-400x248.jpg 400w\" sizes=\"auto, (max-width: 1024px) 100vw, 1024px\" \/><\/figure>\n<\/div><\/div><\/div>\n<\/div>\n<\/div><\/div>\n\n<div  class=\"item wysiwyg component-heading component-no-padding \" ><div class=\"container\">\n<h2 class=\"wp-block-heading\">Tips and tricks<\/h2>\n<\/div><\/div>\n\n<div  class=\"item wysiwyg component-list component-no-padding \" ><div class=\"container\">\n<ul class=\"wp-block-list\">\n<li>To prepare your menu, our partner Maestro Culinaire and its executive chef will collaborate with local producers and use mostly seasonal ingredients. Inform your participants, who will be delighted to know that their dishes have been prepared as locally as possible!<\/li>\n<\/ul>\n<\/div><\/div>\n\n<div  class=\"item wysiwyg component-list component-no-padding \" ><div class=\"container\">\n<ul class=\"wp-block-list\">\n<li>Plan to redistribute surplus food to a charitable organization. Our partner Maestro Culinaire can help you with this!<\/li>\n<\/ul>\n<\/div><\/div>\n\n<div  class=\"item wysiwyg component-heading component-no-padding \" ><div class=\"container\">\n<h2 class=\"wp-block-heading\">Good Choice!<\/h2>\n<\/div><\/div>\n\n<div  class=\"item wysiwyg component-paragraph component-no-padding \" ><div class=\"container\">\n<p>By holding your event at the Qu\u00e9bec City Convention Centre, you are opting for environmentally responsible food services:<\/p>\n<\/div><\/div>\n\n<div  class=\"item wysiwyg component-media-text\"><div class=\"container\" >\n<div class=\"wp-block-media-text alignwide is-stacked-on-mobile\"><figure class=\"wp-block-media-text__media\"><img loading=\"lazy\" decoding=\"async\" width=\"1024\" height=\"683\" src=\"https:\/\/www.convention.qc.ca\/wp-content\/uploads\/pause-cafe-ecoresponsable-1024x683.jpg\" alt=\"Une femme qui se sers un caf\u00e9 dans une tasse de porcelaine \u00e0 la station.\" class=\"wp-image-6783 size-full\" srcset=\"https:\/\/www.convention.qc.ca\/wp-content\/uploads\/pause-cafe-ecoresponsable-1024x683.jpg 1024w, https:\/\/www.convention.qc.ca\/wp-content\/uploads\/pause-cafe-ecoresponsable-700x467.jpg 700w, https:\/\/www.convention.qc.ca\/wp-content\/uploads\/pause-cafe-ecoresponsable-768x512.jpg 768w, https:\/\/www.convention.qc.ca\/wp-content\/uploads\/pause-cafe-ecoresponsable-1536x1024.jpg 1536w, https:\/\/www.convention.qc.ca\/wp-content\/uploads\/pause-cafe-ecoresponsable-2048x1365.jpg 2048w, https:\/\/www.convention.qc.ca\/wp-content\/uploads\/pause-cafe-ecoresponsable-400x267.jpg 400w\" sizes=\"auto, (max-width: 1024px) 100vw, 1024px\" \/><\/figure><div class=\"wp-block-media-text__content\"><div  class=\"item wysiwyg component-list component-no-padding \" ><div class=\"container\">\n<ul class=\"wp-block-list\">\n<li>Collection of compostable materials in the preparation kitchens and during the disposal of food functions<\/li>\n\n\n\n<li>Choice of menus and beverages incorporating regional products.<\/li>\n\n\n\n<li>Distribution of surplus food production to charitable organizations<\/li>\n\n\n\n<li><em>Fourchette bleue <\/em>certification of Exploramer&#8217;s program for the sound management of the St. Lawrence marine resources<\/li>\n\n\n\n<li>Pitcher water service, instead of bottled water, for all food functions and for speakers<\/li>\n\n\n\n<li>Filtered water fountains connected to the Qu\u00e9bec City water system<\/li>\n\n\n\n<li>Bulk service for milk, cream, juice, sugar, butter, jam<\/li>\n\n\n\n<li>Meal service in porcelain equipment<\/li>\n\n\n\n<li>Compostable paper napkins for cocktail parties<\/li>\n\n\n\n<li>Snack bar with biodegradable or recyclable dishes and containers<\/li>\n<\/ul>\n<\/div><\/div><\/div><\/div>\n<\/div><\/div>","protected":false},"excerpt":{"rendered":"Read our top tips and tricks to plan an eco-friendly event with eco-friendly food services. ","protected":false},"author":5,"featured_media":6987,"comment_status":"closed","ping_status":"closed","sticky":false,"template":"","format":"standard","meta":{"_acf_changed":false,"footnotes":""},"categories":[430,477],"tags":[],"class_list":["post-12341","post","type-post","status-publish","format-standard","has-post-thumbnail","hentry","category-food-and-beverage","category-sustainability"],"acf":[],"yoast_head":"<!-- This site is optimized with the Yoast SEO plugin v26.7 - https:\/\/yoast.com\/wordpress\/plugins\/seo\/ -->\n<title>Planning an Eco-friendly Event: Food Services | Qu\u00e9bec City Convention Centre<\/title>\n<meta name=\"description\" content=\"Read our top tips and tricks to plan an eco-friendly event with eco-friendly food services.\" \/>\n<meta name=\"robots\" content=\"index, follow, max-snippet:-1, max-image-preview:large, max-video-preview:-1\" \/>\n<link rel=\"canonical\" href=\"https:\/\/www.convention.qc.ca\/en\/sustainability\/planning-eco-friendly-event-food-services\/\" \/>\n<meta property=\"og:locale\" content=\"en_US\" \/>\n<meta property=\"og:type\" content=\"article\" \/>\n<meta property=\"og:title\" content=\"Planning an Eco-friendly Event: Food Services | Qu\u00e9bec City Convention Centre\" \/>\n<meta property=\"og:description\" content=\"Read our top tips and tricks to plan an eco-friendly event with eco-friendly food services.\" \/>\n<meta property=\"og:url\" content=\"https:\/\/www.convention.qc.ca\/en\/sustainability\/planning-eco-friendly-event-food-services\/\" \/>\n<meta property=\"og:site_name\" content=\"Qu\u00e9bec City Convention Centre\" \/>\n<meta property=\"article:publisher\" content=\"https:\/\/www.facebook.com\/congresquebec\/\" \/>\n<meta property=\"article:published_time\" content=\"2023-04-13T17:29:29+00:00\" \/>\n<meta property=\"article:modified_time\" content=\"2025-11-04T16:10:31+00:00\" \/>\n<meta property=\"og:image\" content=\"https:\/\/www.convention.qc.ca\/wp-content\/uploads\/chefs-toit-19-WEB-498x290-1.jpg\" \/>\n\t<meta property=\"og:image:width\" content=\"498\" \/>\n\t<meta property=\"og:image:height\" content=\"290\" \/>\n\t<meta property=\"og:image:type\" content=\"image\/jpeg\" \/>\n<meta name=\"author\" content=\"gbernier\" \/>\n<meta name=\"twitter:card\" content=\"summary_large_image\" \/>\n<meta name=\"twitter:creator\" content=\"@quebeccongres\" \/>\n<meta name=\"twitter:site\" content=\"@quebeccongres\" \/>\n<meta name=\"twitter:label1\" content=\"Written by\" \/>\n\t<meta name=\"twitter:data1\" content=\"gbernier\" \/>\n\t<meta name=\"twitter:label2\" content=\"Est. reading time\" \/>\n\t<meta name=\"twitter:data2\" content=\"3 minutes\" \/>\n<script type=\"application\/ld+json\" class=\"yoast-schema-graph\">{\"@context\":\"https:\/\/schema.org\",\"@graph\":[{\"@type\":\"Article\",\"@id\":\"https:\/\/www.convention.qc.ca\/en\/sustainability\/planning-eco-friendly-event-food-services\/#article\",\"isPartOf\":{\"@id\":\"https:\/\/www.convention.qc.ca\/en\/sustainability\/planning-eco-friendly-event-food-services\/\"},\"author\":{\"name\":\"gbernier\",\"@id\":\"https:\/\/www.convention.qc.ca\/en\/#\/schema\/person\/cbe075e9bef93d9c6528eefa7136bc20\"},\"headline\":\"Planning an Eco-friendly Event: Food Services\",\"datePublished\":\"2023-04-13T17:29:29+00:00\",\"dateModified\":\"2025-11-04T16:10:31+00:00\",\"mainEntityOfPage\":{\"@id\":\"https:\/\/www.convention.qc.ca\/en\/sustainability\/planning-eco-friendly-event-food-services\/\"},\"wordCount\":313,\"publisher\":{\"@id\":\"https:\/\/www.convention.qc.ca\/en\/#organization\"},\"image\":{\"@id\":\"https:\/\/www.convention.qc.ca\/en\/sustainability\/planning-eco-friendly-event-food-services\/#primaryimage\"},\"thumbnailUrl\":\"https:\/\/www.convention.qc.ca\/wp-content\/uploads\/chefs-toit-19-WEB-498x290-1.jpg\",\"articleSection\":[\"F&amp;B\",\"Sustainability\"],\"inLanguage\":\"en-US\"},{\"@type\":\"WebPage\",\"@id\":\"https:\/\/www.convention.qc.ca\/en\/sustainability\/planning-eco-friendly-event-food-services\/\",\"url\":\"https:\/\/www.convention.qc.ca\/en\/sustainability\/planning-eco-friendly-event-food-services\/\",\"name\":\"Planning an Eco-friendly Event: Food Services | Qu\u00e9bec City Convention Centre\",\"isPartOf\":{\"@id\":\"https:\/\/www.convention.qc.ca\/en\/#website\"},\"primaryImageOfPage\":{\"@id\":\"https:\/\/www.convention.qc.ca\/en\/sustainability\/planning-eco-friendly-event-food-services\/#primaryimage\"},\"image\":{\"@id\":\"https:\/\/www.convention.qc.ca\/en\/sustainability\/planning-eco-friendly-event-food-services\/#primaryimage\"},\"thumbnailUrl\":\"https:\/\/www.convention.qc.ca\/wp-content\/uploads\/chefs-toit-19-WEB-498x290-1.jpg\",\"datePublished\":\"2023-04-13T17:29:29+00:00\",\"dateModified\":\"2025-11-04T16:10:31+00:00\",\"description\":\"Read our top tips and tricks to plan an eco-friendly event with eco-friendly food services.\",\"breadcrumb\":{\"@id\":\"https:\/\/www.convention.qc.ca\/en\/sustainability\/planning-eco-friendly-event-food-services\/#breadcrumb\"},\"inLanguage\":\"en-US\",\"potentialAction\":[{\"@type\":\"ReadAction\",\"target\":[\"https:\/\/www.convention.qc.ca\/en\/sustainability\/planning-eco-friendly-event-food-services\/\"]}]},{\"@type\":\"ImageObject\",\"inLanguage\":\"en-US\",\"@id\":\"https:\/\/www.convention.qc.ca\/en\/sustainability\/planning-eco-friendly-event-food-services\/#primaryimage\",\"url\":\"https:\/\/www.convention.qc.ca\/wp-content\/uploads\/chefs-toit-19-WEB-498x290-1.jpg\",\"contentUrl\":\"https:\/\/www.convention.qc.ca\/wp-content\/uploads\/chefs-toit-19-WEB-498x290-1.jpg\",\"width\":498,\"height\":290},{\"@type\":\"BreadcrumbList\",\"@id\":\"https:\/\/www.convention.qc.ca\/en\/sustainability\/planning-eco-friendly-event-food-services\/#breadcrumb\",\"itemListElement\":[{\"@type\":\"ListItem\",\"position\":1,\"name\":\"Accueil\",\"item\":\"https:\/\/www.convention.qc.ca\/en\/\"},{\"@type\":\"ListItem\",\"position\":2,\"name\":\"Planning an Eco-friendly Event: Food Services\"}]},{\"@type\":\"WebSite\",\"@id\":\"https:\/\/www.convention.qc.ca\/en\/#website\",\"url\":\"https:\/\/www.convention.qc.ca\/en\/\",\"name\":\"Centre des congr\u00e8s de Qu\u00e9bec\",\"description\":\"Convention and exhibition center in Quebec City\",\"publisher\":{\"@id\":\"https:\/\/www.convention.qc.ca\/en\/#organization\"},\"potentialAction\":[{\"@type\":\"SearchAction\",\"target\":{\"@type\":\"EntryPoint\",\"urlTemplate\":\"https:\/\/www.convention.qc.ca\/en\/?s={search_term_string}\"},\"query-input\":{\"@type\":\"PropertyValueSpecification\",\"valueRequired\":true,\"valueName\":\"search_term_string\"}}],\"inLanguage\":\"en-US\"},{\"@type\":\"Organization\",\"@id\":\"https:\/\/www.convention.qc.ca\/en\/#organization\",\"name\":\"Centre des congr\u00e8s de Qu\u00e9bec\",\"url\":\"https:\/\/www.convention.qc.ca\/en\/\",\"logo\":{\"@type\":\"ImageObject\",\"inLanguage\":\"en-US\",\"@id\":\"https:\/\/www.convention.qc.ca\/en\/#\/schema\/logo\/image\/\",\"url\":\"https:\/\/www.convention.qc.ca\/wp-content\/uploads\/poster.png\",\"contentUrl\":\"https:\/\/www.convention.qc.ca\/wp-content\/uploads\/poster.png\",\"width\":1200,\"height\":630,\"caption\":\"Centre des congr\u00e8s de Qu\u00e9bec\"},\"image\":{\"@id\":\"https:\/\/www.convention.qc.ca\/en\/#\/schema\/logo\/image\/\"},\"sameAs\":[\"https:\/\/www.facebook.com\/congresquebec\/\",\"https:\/\/x.com\/quebeccongres\",\"https:\/\/www.instagram.com\/quebeccongres\/\",\"https:\/\/www.linkedin.com\/company\/congresquebec\"]},{\"@type\":\"Person\",\"@id\":\"https:\/\/www.convention.qc.ca\/en\/#\/schema\/person\/cbe075e9bef93d9c6528eefa7136bc20\",\"name\":\"gbernier\",\"image\":{\"@type\":\"ImageObject\",\"inLanguage\":\"en-US\",\"@id\":\"https:\/\/www.convention.qc.ca\/en\/#\/schema\/person\/image\/\",\"url\":\"https:\/\/secure.gravatar.com\/avatar\/61a8366cbfcdd85aac09c1a4c5259fa6ff2d072c323f1d12fdc0c1c68563e1a0?s=96&d=mm&r=g\",\"contentUrl\":\"https:\/\/secure.gravatar.com\/avatar\/61a8366cbfcdd85aac09c1a4c5259fa6ff2d072c323f1d12fdc0c1c68563e1a0?s=96&d=mm&r=g\",\"caption\":\"gbernier\"},\"url\":\"https:\/\/www.convention.qc.ca\/en\/author\/gbernier\/\"}]}<\/script>\n<!-- \/ Yoast SEO plugin. -->","yoast_head_json":{"title":"Planning an Eco-friendly Event: Food Services | Qu\u00e9bec City Convention Centre","description":"Read our top tips and tricks to plan an eco-friendly event with eco-friendly food services.","robots":{"index":"index","follow":"follow","max-snippet":"max-snippet:-1","max-image-preview":"max-image-preview:large","max-video-preview":"max-video-preview:-1"},"canonical":"https:\/\/www.convention.qc.ca\/en\/sustainability\/planning-eco-friendly-event-food-services\/","og_locale":"en_US","og_type":"article","og_title":"Planning an Eco-friendly Event: Food Services | Qu\u00e9bec City Convention Centre","og_description":"Read our top tips and tricks to plan an eco-friendly event with eco-friendly food services.","og_url":"https:\/\/www.convention.qc.ca\/en\/sustainability\/planning-eco-friendly-event-food-services\/","og_site_name":"Qu\u00e9bec City Convention Centre","article_publisher":"https:\/\/www.facebook.com\/congresquebec\/","article_published_time":"2023-04-13T17:29:29+00:00","article_modified_time":"2025-11-04T16:10:31+00:00","og_image":[{"width":498,"height":290,"url":"https:\/\/www.convention.qc.ca\/wp-content\/uploads\/chefs-toit-19-WEB-498x290-1.jpg","type":"image\/jpeg"}],"author":"gbernier","twitter_card":"summary_large_image","twitter_creator":"@quebeccongres","twitter_site":"@quebeccongres","twitter_misc":{"Written by":"gbernier","Est. reading time":"3 minutes"},"schema":{"@context":"https:\/\/schema.org","@graph":[{"@type":"Article","@id":"https:\/\/www.convention.qc.ca\/en\/sustainability\/planning-eco-friendly-event-food-services\/#article","isPartOf":{"@id":"https:\/\/www.convention.qc.ca\/en\/sustainability\/planning-eco-friendly-event-food-services\/"},"author":{"name":"gbernier","@id":"https:\/\/www.convention.qc.ca\/en\/#\/schema\/person\/cbe075e9bef93d9c6528eefa7136bc20"},"headline":"Planning an Eco-friendly Event: Food Services","datePublished":"2023-04-13T17:29:29+00:00","dateModified":"2025-11-04T16:10:31+00:00","mainEntityOfPage":{"@id":"https:\/\/www.convention.qc.ca\/en\/sustainability\/planning-eco-friendly-event-food-services\/"},"wordCount":313,"publisher":{"@id":"https:\/\/www.convention.qc.ca\/en\/#organization"},"image":{"@id":"https:\/\/www.convention.qc.ca\/en\/sustainability\/planning-eco-friendly-event-food-services\/#primaryimage"},"thumbnailUrl":"https:\/\/www.convention.qc.ca\/wp-content\/uploads\/chefs-toit-19-WEB-498x290-1.jpg","articleSection":["F&amp;B","Sustainability"],"inLanguage":"en-US"},{"@type":"WebPage","@id":"https:\/\/www.convention.qc.ca\/en\/sustainability\/planning-eco-friendly-event-food-services\/","url":"https:\/\/www.convention.qc.ca\/en\/sustainability\/planning-eco-friendly-event-food-services\/","name":"Planning an Eco-friendly Event: Food Services | Qu\u00e9bec City Convention Centre","isPartOf":{"@id":"https:\/\/www.convention.qc.ca\/en\/#website"},"primaryImageOfPage":{"@id":"https:\/\/www.convention.qc.ca\/en\/sustainability\/planning-eco-friendly-event-food-services\/#primaryimage"},"image":{"@id":"https:\/\/www.convention.qc.ca\/en\/sustainability\/planning-eco-friendly-event-food-services\/#primaryimage"},"thumbnailUrl":"https:\/\/www.convention.qc.ca\/wp-content\/uploads\/chefs-toit-19-WEB-498x290-1.jpg","datePublished":"2023-04-13T17:29:29+00:00","dateModified":"2025-11-04T16:10:31+00:00","description":"Read our top tips and tricks to plan an eco-friendly event with eco-friendly food services.","breadcrumb":{"@id":"https:\/\/www.convention.qc.ca\/en\/sustainability\/planning-eco-friendly-event-food-services\/#breadcrumb"},"inLanguage":"en-US","potentialAction":[{"@type":"ReadAction","target":["https:\/\/www.convention.qc.ca\/en\/sustainability\/planning-eco-friendly-event-food-services\/"]}]},{"@type":"ImageObject","inLanguage":"en-US","@id":"https:\/\/www.convention.qc.ca\/en\/sustainability\/planning-eco-friendly-event-food-services\/#primaryimage","url":"https:\/\/www.convention.qc.ca\/wp-content\/uploads\/chefs-toit-19-WEB-498x290-1.jpg","contentUrl":"https:\/\/www.convention.qc.ca\/wp-content\/uploads\/chefs-toit-19-WEB-498x290-1.jpg","width":498,"height":290},{"@type":"BreadcrumbList","@id":"https:\/\/www.convention.qc.ca\/en\/sustainability\/planning-eco-friendly-event-food-services\/#breadcrumb","itemListElement":[{"@type":"ListItem","position":1,"name":"Accueil","item":"https:\/\/www.convention.qc.ca\/en\/"},{"@type":"ListItem","position":2,"name":"Planning an Eco-friendly Event: Food Services"}]},{"@type":"WebSite","@id":"https:\/\/www.convention.qc.ca\/en\/#website","url":"https:\/\/www.convention.qc.ca\/en\/","name":"Centre des congr\u00e8s de Qu\u00e9bec","description":"Convention and exhibition center in Quebec City","publisher":{"@id":"https:\/\/www.convention.qc.ca\/en\/#organization"},"potentialAction":[{"@type":"SearchAction","target":{"@type":"EntryPoint","urlTemplate":"https:\/\/www.convention.qc.ca\/en\/?s={search_term_string}"},"query-input":{"@type":"PropertyValueSpecification","valueRequired":true,"valueName":"search_term_string"}}],"inLanguage":"en-US"},{"@type":"Organization","@id":"https:\/\/www.convention.qc.ca\/en\/#organization","name":"Centre des congr\u00e8s de Qu\u00e9bec","url":"https:\/\/www.convention.qc.ca\/en\/","logo":{"@type":"ImageObject","inLanguage":"en-US","@id":"https:\/\/www.convention.qc.ca\/en\/#\/schema\/logo\/image\/","url":"https:\/\/www.convention.qc.ca\/wp-content\/uploads\/poster.png","contentUrl":"https:\/\/www.convention.qc.ca\/wp-content\/uploads\/poster.png","width":1200,"height":630,"caption":"Centre des congr\u00e8s de Qu\u00e9bec"},"image":{"@id":"https:\/\/www.convention.qc.ca\/en\/#\/schema\/logo\/image\/"},"sameAs":["https:\/\/www.facebook.com\/congresquebec\/","https:\/\/x.com\/quebeccongres","https:\/\/www.instagram.com\/quebeccongres\/","https:\/\/www.linkedin.com\/company\/congresquebec"]},{"@type":"Person","@id":"https:\/\/www.convention.qc.ca\/en\/#\/schema\/person\/cbe075e9bef93d9c6528eefa7136bc20","name":"gbernier","image":{"@type":"ImageObject","inLanguage":"en-US","@id":"https:\/\/www.convention.qc.ca\/en\/#\/schema\/person\/image\/","url":"https:\/\/secure.gravatar.com\/avatar\/61a8366cbfcdd85aac09c1a4c5259fa6ff2d072c323f1d12fdc0c1c68563e1a0?s=96&d=mm&r=g","contentUrl":"https:\/\/secure.gravatar.com\/avatar\/61a8366cbfcdd85aac09c1a4c5259fa6ff2d072c323f1d12fdc0c1c68563e1a0?s=96&d=mm&r=g","caption":"gbernier"},"url":"https:\/\/www.convention.qc.ca\/en\/author\/gbernier\/"}]}},"_links":{"self":[{"href":"https:\/\/www.convention.qc.ca\/en\/wp-json\/wp\/v2\/posts\/12341","targetHints":{"allow":["GET"]}}],"collection":[{"href":"https:\/\/www.convention.qc.ca\/en\/wp-json\/wp\/v2\/posts"}],"about":[{"href":"https:\/\/www.convention.qc.ca\/en\/wp-json\/wp\/v2\/types\/post"}],"author":[{"embeddable":true,"href":"https:\/\/www.convention.qc.ca\/en\/wp-json\/wp\/v2\/users\/5"}],"replies":[{"embeddable":true,"href":"https:\/\/www.convention.qc.ca\/en\/wp-json\/wp\/v2\/comments?post=12341"}],"version-history":[{"count":12,"href":"https:\/\/www.convention.qc.ca\/en\/wp-json\/wp\/v2\/posts\/12341\/revisions"}],"predecessor-version":[{"id":16336,"href":"https:\/\/www.convention.qc.ca\/en\/wp-json\/wp\/v2\/posts\/12341\/revisions\/16336"}],"wp:featuredmedia":[{"embeddable":true,"href":"https:\/\/www.convention.qc.ca\/en\/wp-json\/wp\/v2\/media\/6987"}],"wp:attachment":[{"href":"https:\/\/www.convention.qc.ca\/en\/wp-json\/wp\/v2\/media?parent=12341"}],"wp:term":[{"taxonomy":"category","embeddable":true,"href":"https:\/\/www.convention.qc.ca\/en\/wp-json\/wp\/v2\/categories?post=12341"},{"taxonomy":"post_tag","embeddable":true,"href":"https:\/\/www.convention.qc.ca\/en\/wp-json\/wp\/v2\/tags?post=12341"}],"curies":[{"name":"wp","href":"https:\/\/api.w.org\/{rel}","templated":true}]}}